{"id":620,"date":"2019-03-13T09:59:56","date_gmt":"2019-03-13T08:59:56","guid":{"rendered":"https:\/\/jp-pourtal.fr\/?p=620"},"modified":"2019-03-13T09:59:56","modified_gmt":"2019-03-13T08:59:56","slug":"le-festival-des-arts-martiaux-de-velizy-villacoublay-du-17-fevrier-2019","status":"publish","type":"post","link":"https:\/\/jp-pourtal.fr\/index.php\/2019\/03\/13\/le-festival-des-arts-martiaux-de-velizy-villacoublay-du-17-fevrier-2019\/","title":{"rendered":"Le Festival des Arts Martiaux de V\u00e9lizy-Villacoublay du 17 f\u00e9vrier 2019"},"content":{"rendered":"\n<p>C&rsquo;est le 17 f\u00e9vrier 2019 que le Festival des Arts Martiaux de V\u00e9lizy-Villacoublay a eu lieu \u00e0 l&rsquo;Onde, la maison des arts et de la culture de la ville.<\/p>\n\n\n\n<p>Pilot\u00e9 par Dominique Blanc-Pain avec maestria, les diff\u00e9rents sportifs ont pr\u00e9sent\u00e9 avec brio leurs arts martiaux <\/p>\n\n\n\n<div class=\"wp-block-image\"><figure class=\"aligncenter\"><a href=\"https:\/\/jp-pourtal.fr\/index.php\/les-portfolios\/portfolios-3\/festival-arts-martiaux-2019-velizy-villacoublay\/\"><img decoding=\"async\" loading=\"lazy\" width=\"300\" height=\"199\" src=\"https:\/\/i0.wp.com\/jp-pourtal.fr\/wp-content\/uploads\/2019\/02\/20190217-FestivalAM002.jpg?resize=300%2C199&#038;ssl=1\" alt=\"\" class=\"wp-image-599\" srcset=\"https:\/\/i0.wp.com\/jp-pourtal.fr\/wp-content\/uploads\/2019\/02\/20190217-FestivalAM002.jpg?resize=300%2C199&amp;ssl=1 300w, https:\/\/i0.wp.com\/jp-pourtal.fr\/wp-content\/uploads\/2019\/02\/20190217-FestivalAM002.jpg?resize=768%2C510&amp;ssl=1 768w, https:\/\/i0.wp.com\/jp-pourtal.fr\/wp-content\/uploads\/2019\/02\/20190217-FestivalAM002.jpg?resize=1024%2C680&amp;ssl=1 1024w, https:\/\/i0.wp.com\/jp-pourtal.fr\/wp-content\/uploads\/2019\/02\/20190217-FestivalAM002.jpg?resize=1200%2C797&amp;ssl=1 1200w, https:\/\/i0.wp.com\/jp-pourtal.fr\/wp-content\/uploads\/2019\/02\/20190217-FestivalAM002.jpg?w=1680&amp;ssl=1 1680w\" sizes=\"(max-width: 300px) 85vw, 300px\" data-recalc-dims=\"1\" \/><\/a><\/figure><\/div>\n\n\n\n<p><a href=\"https:\/\/jp-pourtal.fr\/index.php\/les-portfolios\/portfolios-3\/festival-arts-martiaux-2019-velizy-villacoublay\/\">Ici, quelques photographies de cet \u00e9v\u00e9nement<\/a><\/p>\n<div class=\"sharedaddy sd-sharing-enabled\"><div class=\"robots-nocontent sd-block sd-social sd-social-icon sd-sharing\"><h3 class=\"sd-title\">Share this:<\/h3><div class=\"sd-content\"><ul><li class=\"share-facebook\"><a rel=\"nofollow noopener noreferrer\" data-shared=\"sharing-facebook-620\" class=\"share-facebook sd-button share-icon no-text\" href=\"https:\/\/jp-pourtal.fr\/index.php\/2019\/03\/13\/le-festival-des-arts-martiaux-de-velizy-villacoublay-du-17-fevrier-2019\/?share=facebook\" target=\"_blank\" title=\"Cliquez pour partager sur Facebook\"><span><\/span><span class=\"sharing-screen-reader-text\">Cliquez pour partager sur Facebook(ouvre dans une nouvelle fen\u00eatre)<\/span><\/a><\/li><li class=\"share-linkedin\"><a rel=\"nofollow noopener noreferrer\" data-shared=\"sharing-linkedin-620\" class=\"share-linkedin sd-button share-icon no-text\" href=\"https:\/\/jp-pourtal.fr\/index.php\/2019\/03\/13\/le-festival-des-arts-martiaux-de-velizy-villacoublay-du-17-fevrier-2019\/?share=linkedin\" target=\"_blank\" title=\"Cliquez pour partager sur LinkedIn\"><span><\/span><span class=\"sharing-screen-reader-text\">Cliquez pour partager sur LinkedIn(ouvre dans une nouvelle fen\u00eatre)<\/span><\/a><\/li><li class=\"share-jetpack-whatsapp\"><a rel=\"nofollow noopener noreferrer\" data-shared=\"\" class=\"share-jetpack-whatsapp sd-button share-icon no-text\" href=\"https:\/\/jp-pourtal.fr\/index.php\/2019\/03\/13\/le-festival-des-arts-martiaux-de-velizy-villacoublay-du-17-fevrier-2019\/?share=jetpack-whatsapp\" target=\"_blank\" title=\"Cliquez pour partager sur WhatsApp\"><span><\/span><span class=\"sharing-screen-reader-text\">Cliquez pour partager sur WhatsApp(ouvre dans une nouvelle fen\u00eatre)<\/span><\/a><\/li><li class=\"share-twitter\"><a rel=\"nofollow noopener noreferrer\" data-shared=\"sharing-twitter-620\" class=\"share-twitter sd-button share-icon no-text\" href=\"https:\/\/jp-pourtal.fr\/index.php\/2019\/03\/13\/le-festival-des-arts-martiaux-de-velizy-villacoublay-du-17-fevrier-2019\/?share=twitter\" target=\"_blank\" title=\"Cliquez pour partager sur Twitter\"><span><\/span><span class=\"sharing-screen-reader-text\">Cliquez pour partager sur Twitter(ouvre dans une nouvelle fen\u00eatre)<\/span><\/a><\/li><li class=\"share-end\"><\/li><\/ul><\/div><\/div><\/div>","protected":false},"excerpt":{"rendered":"<p>C&rsquo;est le 17 f\u00e9vrier 2019 que le Festival des Arts Martiaux de V\u00e9lizy-Villacoublay a eu lieu \u00e0 l&rsquo;Onde, la maison des arts et de la culture de la ville. Pilot\u00e9 par Dominique Blanc-Pain avec maestria, les diff\u00e9rents sportifs ont pr\u00e9sent\u00e9 avec brio leurs arts martiaux Ici, quelques photographies de cet \u00e9v\u00e9nement<\/p>\n<div class=\"sharedaddy sd-sharing-enabled\"><div class=\"robots-nocontent sd-block sd-social sd-social-icon sd-sharing\"><h3 class=\"sd-title\">Share this:<\/h3><div class=\"sd-content\"><ul><li class=\"share-facebook\"><a rel=\"nofollow noopener noreferrer\" data-shared=\"sharing-facebook-620\" class=\"share-facebook sd-button share-icon no-text\" href=\"https:\/\/jp-pourtal.fr\/index.php\/2019\/03\/13\/le-festival-des-arts-martiaux-de-velizy-villacoublay-du-17-fevrier-2019\/?share=facebook\" target=\"_blank\" title=\"Cliquez pour partager sur Facebook\"><span><\/span><span class=\"sharing-screen-reader-text\">Cliquez pour partager sur Facebook(ouvre dans une nouvelle fen\u00eatre)<\/span><\/a><\/li><li class=\"share-linkedin\"><a rel=\"nofollow noopener noreferrer\" data-shared=\"sharing-linkedin-620\" class=\"share-linkedin sd-button share-icon no-text\" href=\"https:\/\/jp-pourtal.fr\/index.php\/2019\/03\/13\/le-festival-des-arts-martiaux-de-velizy-villacoublay-du-17-fevrier-2019\/?share=linkedin\" target=\"_blank\" title=\"Cliquez pour partager sur LinkedIn\"><span><\/span><span class=\"sharing-screen-reader-text\">Cliquez pour partager sur LinkedIn(ouvre dans une nouvelle fen\u00eatre)<\/span><\/a><\/li><li class=\"share-jetpack-whatsapp\"><a rel=\"nofollow noopener noreferrer\" data-shared=\"\" class=\"share-jetpack-whatsapp sd-button share-icon no-text\" href=\"https:\/\/jp-pourtal.fr\/index.php\/2019\/03\/13\/le-festival-des-arts-martiaux-de-velizy-villacoublay-du-17-fevrier-2019\/?share=jetpack-whatsapp\" target=\"_blank\" title=\"Cliquez pour partager sur WhatsApp\"><span><\/span><span class=\"sharing-screen-reader-text\">Cliquez pour partager sur WhatsApp(ouvre dans une nouvelle fen\u00eatre)<\/span><\/a><\/li><li class=\"share-twitter\"><a rel=\"nofollow noopener noreferrer\" data-shared=\"sharing-twitter-620\" class=\"share-twitter sd-button share-icon no-text\" href=\"https:\/\/jp-pourtal.fr\/index.php\/2019\/03\/13\/le-festival-des-arts-martiaux-de-velizy-villacoublay-du-17-fevrier-2019\/?share=twitter\" target=\"_blank\" title=\"Cliquez pour partager sur Twitter\"><span><\/span><span class=\"sharing-screen-reader-text\">Cliquez pour partager sur Twitter(ouvre dans une nouvelle fen\u00eatre)<\/span><\/a><\/li><li class=\"share-end\"><\/li><\/ul><\/div><\/div><\/div>","protected":false},"author":1,"featured_media":0,"comment_status":"open","ping_status":"open","sticky":false,"template":"","format":"standard","meta":{"spay_email":"","jetpack_publicize_message":"","jetpack_is_tweetstorm":false,"jetpack_publicize_feature_enabled":true},"categories":[1],"tags":[],"jetpack_featured_media_url":"","jetpack_publicize_connections":[],"jetpack_sharing_enabled":true,"_links":{"self":[{"href":"https:\/\/jp-pourtal.fr\/index.php\/wp-json\/wp\/v2\/posts\/620"}],"collection":[{"href":"https:\/\/jp-pourtal.fr\/index.php\/wp-json\/wp\/v2\/posts"}],"about":[{"href":"https:\/\/jp-pourtal.fr\/index.php\/wp-json\/wp\/v2\/types\/post"}],"author":[{"embeddable":true,"href":"https:\/\/jp-pourtal.fr\/index.php\/wp-json\/wp\/v2\/users\/1"}],"replies":[{"embeddable":true,"href":"https:\/\/jp-pourtal.fr\/index.php\/wp-json\/wp\/v2\/comments?post=620"}],"version-history":[{"count":1,"href":"https:\/\/jp-pourtal.fr\/index.php\/wp-json\/wp\/v2\/posts\/620\/revisions"}],"predecessor-version":[{"id":621,"href":"https:\/\/jp-pourtal.fr\/index.php\/wp-json\/wp\/v2\/posts\/620\/revisions\/621"}],"wp:attachment":[{"href":"https:\/\/jp-pourtal.fr\/index.php\/wp-json\/wp\/v2\/media?parent=620"}],"wp:term":[{"taxonomy":"category","embeddable":true,"href":"https:\/\/jp-pourtal.fr\/index.php\/wp-json\/wp\/v2\/categories?post=620"},{"taxonomy":"post_tag","embeddable":true,"href":"https:\/\/jp-pourtal.fr\/index.php\/wp-json\/wp\/v2\/tags?post=620"}],"curies":[{"name":"wp","href":"https:\/\/api.w.org\/{rel}","templated":true}]}}